{"id":36409,"date":"2021-11-03T12:33:55","date_gmt":"2021-11-03T11:33:55","guid":{"rendered":"https:\/\/www.marsupio.it\/?p=36409"},"modified":"2022-11-23T10:29:36","modified_gmt":"2022-11-23T09:29:36","slug":"le-tre-cime-di-lavaredo","status":"publish","type":"post","link":"https:\/\/www.marsupio.it\/it\/le-tre-cime-di-lavaredo\/","title":{"rendered":"Le Tre Cime di Lavaredo"},"content":{"rendered":"<section class=\"wpb-content-wrapper\"><p>[vc_row][vc_column]<div class=\"ult-spacer spacer-69f3469d5c6ff\" data-id=\"69f3469d5c6ff\" data-height=\"25\" data-height-mobile=\"25\" data-height-tab=\"25\" data-height-tab-portrait=\"\" data-height-mobile-landscape=\"\" style=\"clear:both;display:block;\"><\/div>[vc_row_inner][vc_column_inner]<div class=\"dfd-heading-shortcode\"><div class=\"dfd-heading-module-wrap  text-center style_01 dfd-heading-69f3469d5c7be dfd-disable-resposive-headings\" id=\"dfd-heading-69f3469d5c7be\" ><div class=\"inline-block\"><div class=\"dfd-heading-module\"><h5 class=\"widget-title dfd-title \" style=\"\"><\/p>\n<h5>Le Tre Cime di Lavaredo<\/h5>\n<p><\/h5><div class=\"dfd-heading-delimiter\"><\/div><\/div><\/div><\/div><script type=\"text\/javascript\">\r\n\t\t\t\t\t\t\t\t\t(function($) {\r\n\t\t\t\t\t\t\t\t\t\t$(\"head\").append(\"<style>.dfd-heading-69f3469d5c7be.dfd-heading-module-wrap .dfd-heading-module .dfd-heading-delimiter {border-bottom-style:solid;border-bottom-width:1px;width:100px;border-bottom-color:#dddddd;}.dfd-heading-69f3469d5c7be.dfd-heading-module-wrap .dfd-heading-module .dfd-heading-delimiter {margin-top:10px;margin-bottom:10px;}<\/style>\");\r\n\t\t\t\t\t\t\t\t\t})(jQuery);\r\n\t\t\t\t\t\t\t\t<\/script><\/div><div class=\"ult-spacer spacer-69f3469d5c880\" data-id=\"69f3469d5c880\" data-height=\"25\" data-height-mobile=\"25\" data-height-tab=\"25\" data-height-tab-portrait=\"\" data-height-mobile-landscape=\"\" style=\"clear:both;display:block;\"><\/div>[vc_column_text]<span lang=\"it-IT\">Le Tre Cime di Lavaredo sono il <strong>simbolo<\/strong> indiscusso delle <strong>Dolomiti<\/strong>.<br \/>\nSono, infatti, una delle <strong>meraviglie italiane<\/strong> pi\u00f9 conosciute ed apprezzate, tanto da richiamare ogni anno migliaia di turisti da tutto il mondo. Per merito della loro <strong>maestosa bellezza<\/strong>, nel 2009 sono state dichiarate <strong>Patrimonio Mondiale dell\u2019Unesco<\/strong>.<br \/>\n<\/span>[\/vc_column_text]<div class=\"ult-spacer spacer-69f3469d5c8de\" data-id=\"69f3469d5c8de\" data-height=\"25\" data-height-mobile=\"25\" data-height-tab=\"25\" data-height-tab-portrait=\"\" data-height-mobile-landscape=\"\" style=\"clear:both;display:block;\"><\/div>[\/vc_column_inner][\/vc_row_inner][\/vc_column][\/vc_row][vc_row][vc_column]<div class=\"ult-spacer spacer-69f3469d5c902\" data-id=\"69f3469d5c902\" data-height=\"25\" data-height-mobile=\"25\" data-height-tab=\"25\" data-height-tab-portrait=\"\" data-height-mobile-landscape=\"\" style=\"clear:both;display:block;\"><\/div>[vc_single_image image=&#8221;36460&#8243; img_size=&#8221;full&#8221;]<div class=\"ult-spacer spacer-69f3469d5c921\" data-id=\"69f3469d5c921\" data-height=\"25\" data-height-mobile=\"25\" data-height-tab=\"25\" data-height-tab-portrait=\"\" data-height-mobile-landscape=\"\" style=\"clear:both;display:block;\"><\/div>[vc_column_text]<\/p>\n<ul>\n<li style=\"text-align: center;\">Cima Grande\u00a0al centro misura 2999 m<\/li>\n<li style=\"text-align: center;\">Cima Ovest\u00a02973 m<\/li>\n<li style=\"text-align: center;\">Cima piccola\u00a02857 m<\/li>\n<\/ul>\n<p>[\/vc_column_text][\/vc_column][\/vc_row][vc_row][vc_column][vc_row_inner][vc_column_inner]<div class=\"ult-spacer spacer-69f3469d5c93e\" data-id=\"69f3469d5c93e\" data-height=\"25\" data-height-mobile=\"25\" data-height-tab=\"25\" data-height-tab-portrait=\"\" data-height-mobile-landscape=\"\" style=\"clear:both;display:block;\"><\/div><div class=\"dfd-heading-shortcode\"><div class=\"dfd-heading-module-wrap  text-center style_01 dfd-heading-69f3469d5c980 dfd-disable-resposive-headings\" id=\"dfd-heading-69f3469d5c980\" ><div class=\"inline-block\"><div class=\"dfd-heading-module\"><h5 class=\"widget-title dfd-title \" style=\"\"><\/p>\n<h5>Dove si trovano le tre Cime di Lavaredo?<\/h5>\n<p><\/h5><div class=\"dfd-heading-delimiter\"><\/div><\/div><\/div><\/div><script type=\"text\/javascript\">\r\n\t\t\t\t\t\t\t\t\t(function($) {\r\n\t\t\t\t\t\t\t\t\t\t$(\"head\").append(\"<style>.dfd-heading-69f3469d5c980.dfd-heading-module-wrap .dfd-heading-module .dfd-heading-delimiter {border-bottom-style:solid;border-bottom-width:1px;width:100px;border-bottom-color:#dddddd;}.dfd-heading-69f3469d5c980.dfd-heading-module-wrap .dfd-heading-module .dfd-heading-delimiter {margin-top:10px;margin-bottom:10px;}<\/style>\");\r\n\t\t\t\t\t\t\t\t\t})(jQuery);\r\n\t\t\t\t\t\t\t\t<\/script><\/div><div class=\"ult-spacer spacer-69f3469d5c9e5\" data-id=\"69f3469d5c9e5\" data-height=\"25\" data-height-mobile=\"25\" data-height-tab=\"25\" data-height-tab-portrait=\"\" data-height-mobile-landscape=\"\" style=\"clear:both;display:block;\"><\/div>[vc_column_text]<span lang=\"it-IT\">Questa domanda, all\u2019apparenza cos\u00ec banale, ha in realt\u00e0 una <strong>doppia risposta<\/strong> e non \u00e8 raro che la questione sfoci in dibattiti pi\u00f9 o meno accesi sull\u2019appartenenza di queste straordinarie montagne.<br \/>\nLe <strong>Tre Cime di Lavaredo<\/strong> fanno parte delle <strong>Dolomiti di Sesto<\/strong> e si trovano proprio al <strong>confine tra Alto Adige e Veneto<\/strong>.<br \/>\nIl <strong>versante nord<\/strong> si trova in provincia di <strong>Bolzano<\/strong> ed \u00e8 forse quello pi\u00f9 noto, ovvero la classica vista con le tre vette, che tutti noi almeno una volta nella vita abbiamo ammirato, se non dal vivo, su qualche cartolina o calendario, o magari durante un documentario sulle bellezze italiane.<br \/>\nIl <strong>profilo Sud<\/strong>, invece, si trova in <strong>provincia di Belluno<\/strong> ed \u00e8 proprio da questo versante, esattamente dal rifugio Auronzo, che parte l\u2019itinerario ad Anello pi\u00f9 conosciuto verso le Tre Cime.<\/span>[\/vc_column_text][\/vc_column_inner][\/vc_row_inner][\/vc_column][\/vc_row][vc_row][vc_column][vc_row_inner][vc_column_inner]<div class=\"ult-spacer spacer-69f3469d5ca05\" data-id=\"69f3469d5ca05\" data-height=\"25\" data-height-mobile=\"25\" data-height-tab=\"25\" data-height-tab-portrait=\"\" data-height-mobile-landscape=\"\" style=\"clear:both;display:block;\"><\/div>[vc_single_image image=&#8221;36442&#8243; img_size=&#8221;full&#8221;]<div class=\"ult-spacer spacer-69f3469d5ca21\" data-id=\"69f3469d5ca21\" data-height=\"25\" data-height-mobile=\"25\" data-height-tab=\"25\" data-height-tab-portrait=\"\" data-height-mobile-landscape=\"\" style=\"clear:both;display:block;\"><\/div><div class=\"dfd-heading-shortcode\"><div class=\"dfd-heading-module-wrap  text-center style_01 dfd-heading-69f3469d5ca61 dfd-disable-resposive-headings\" id=\"dfd-heading-69f3469d5ca61\" ><div class=\"inline-block\"><div class=\"dfd-heading-module\"><h5 class=\"widget-title dfd-title \" style=\"\"><\/p>\n<h5>Dal Rifugio Auronzo verso le Tre Cime di Lavaredo<\/h5>\n<p><\/h5><div class=\"dfd-heading-delimiter\"><\/div><\/div><\/div><\/div><script type=\"text\/javascript\">\r\n\t\t\t\t\t\t\t\t\t(function($) {\r\n\t\t\t\t\t\t\t\t\t\t$(\"head\").append(\"<style>.dfd-heading-69f3469d5ca61.dfd-heading-module-wrap .dfd-heading-module .dfd-heading-delimiter {border-bottom-style:solid;border-bottom-width:1px;width:100px;border-bottom-color:#dddddd;}.dfd-heading-69f3469d5ca61.dfd-heading-module-wrap .dfd-heading-module .dfd-heading-delimiter {margin-top:10px;margin-bottom:10px;}<\/style>\");\r\n\t\t\t\t\t\t\t\t\t})(jQuery);\r\n\t\t\t\t\t\t\t\t<\/script><\/div><div class=\"ult-spacer spacer-69f3469d5caba\" data-id=\"69f3469d5caba\" data-height=\"25\" data-height-mobile=\"25\" data-height-tab=\"25\" data-height-tab-portrait=\"\" data-height-mobile-landscape=\"\" style=\"clear:both;display:block;\"><\/div>[vc_column_text]<span lang=\"it-IT\">Come anticipato, <strong>il percorso pi\u00f9 noto<\/strong> \u00e8 quello che inizia dal \u201c<strong>lato Veneto<\/strong>\u201d, ovvero dal <strong>rifugio Auronzo<\/strong>. Si tratta di un percorso ad anello lungo <strong>9,5 km<\/strong>, percorribile in poco pi\u00f9 di <strong>tre ore<\/strong>. \u00c8 un percorso <strong>poco faticoso<\/strong> e con pochissimo dislivello, adatto anche alle famiglie con bambini.<br \/>\n<\/span><\/p>\n<p><span lang=\"it-IT\">Il <strong>rifugio Auronzo<\/strong> \u00e8 situato a 2326 metri di quota e dista <strong>7 km da Misurina<\/strong>. Da qui si gode della splendida vista sulle Tre Cime, ma non solo, \u00e8 infatti possibile ammirare anche i Cadini di Misurina, il Monte Cristallo, la Croda dei Toni, la Val d\u2019Ansiei e il lago di Misurina. \u00c8 il <strong>punto di partenza<\/strong> del nostro itinerario attorno alle Tre Cime di Lavaredo e di altri percorsi, ad esempio l\u2019Alta Via n.4 e la Via ferrata De Luca-Innerkofler.<br \/>\n<\/span><\/p>\n<p><span lang=\"it-IT\">\u00c8 possibile <strong>raggiungere il rifugio<\/strong> in auto, ma il pedaggio non \u00e8 affatto economico. La tariffa, che comprende strada e parcheggio costa 30 \u20ac per le auto, 20 \u20ac per le moto, 45 \u20ac per i camper.<br \/>\nIl nostro consiglio \u00e8 quello di raggiungere il rifugio Auronzo con i <strong>mezzi pubblici<\/strong>, \u00e8 la soluzione pi\u00f9 pratica per evitare il traffico e la pi\u00f9 sostenibile per l\u2019ambiente. \u00c8 disponibile un servizio di <strong>bus di linea<\/strong> che parte da Misurina, Auronzo di Cadore o Dobbiaco.\u00a0<\/span><span lang=\"it-IT\">Segnaliamo che la strada \u00e8 chiusa al traffico nei mesi freddi. Prima di mettervi in viaggio vi consigliamo dunque di contattare il Consorzio turistico delle Tre Cime (Tel.: 0435 99603)<br \/>\n<\/span><\/p>\n<p><span lang=\"it-IT\">Una volta raggiunto il rifugio Auronzo in auto, in bus, o per gli escursionisti pi\u00f9 coraggiosi, a piedi, si imbocca il <strong>sentiero 101<\/strong>, che conduce al <strong>Rifugio Lavaredo<\/strong>.<br \/>\nArrivati al Rifugio Lavaredo, mantenendo il sentiero, <strong>si sale verso Forcella Lavaredo<\/strong>, da cui proseguire in <strong>direzione del Rifugio Locatelli<\/strong>, a quota 2405.<br \/>\nDa qui \u00e8 possibile ammirare la splendida vista della parete nord delle Tre Cime, per poi proseguire verso ovest, imboccando il <strong>sentiero 105<\/strong> che passando per Malga Lang Alm, riporta al punto di partenza.<br \/>\n<\/span>[\/vc_column_text][vc_column_text]<span lang=\"it-IT\"><strong>Informazioni sul percorso<\/strong><br \/>\nDifficolt\u00e0: E<br \/>\nPartenza: Rifugio Auronzo 2326 m<br \/>\nArrivo: Rifugio Auronzo 2326 m<br \/>\nDurata totale: 3.00\/3.30 h<br \/>\nDislivello complessivo: circa 500 m<br \/>\nLunghezza: circa 9,5 km<br \/>\nQuota massima: Forcella Lavaredo 2454 m<br \/>\nRifugi: Rifugio Lavaredo 2345 m, Rifugio Locatelli 2405<\/span><\/p>\n<p>[\/vc_column_text][\/vc_column_inner][\/vc_row_inner][vc_row_inner][vc_column_inner width=&#8221;1\/3&#8243;][vc_single_image image=&#8221;36458&#8243; img_size=&#8221;400&#215;400&#8243;][\/vc_column_inner][vc_column_inner width=&#8221;1\/3&#8243;][vc_single_image image=&#8221;36456&#8243; img_size=&#8221;400&#215;400&#8243;][\/vc_column_inner][vc_column_inner width=&#8221;1\/3&#8243;][vc_single_image image=&#8221;36451&#8243; img_size=&#8221;400&#215;400&#8243;][\/vc_column_inner][\/vc_row_inner][vc_row_inner][vc_column_inner]<div class=\"ult-spacer spacer-69f3469d5cad8\" data-id=\"69f3469d5cad8\" data-height=\"25\" data-height-mobile=\"25\" data-height-tab=\"25\" data-height-tab-portrait=\"\" data-height-mobile-landscape=\"\" style=\"clear:both;display:block;\"><\/div><div class=\"dfd-heading-shortcode\"><div class=\"dfd-heading-module-wrap  text-center style_01 dfd-heading-69f3469d5cb16 dfd-disable-resposive-headings\" id=\"dfd-heading-69f3469d5cb16\" ><div class=\"inline-block\"><div class=\"dfd-heading-module\"><h5 class=\"widget-title dfd-title \" style=\"\"><\/p>\n<h4>ALCUNE CURIOSITA\u2019 SULLE TRE CIME DI LAVAREDO<\/h4>\n<p><\/h5><div class=\"dfd-heading-delimiter\"><\/div><\/div><\/div><\/div><script type=\"text\/javascript\">\r\n\t\t\t\t\t\t\t\t\t(function($) {\r\n\t\t\t\t\t\t\t\t\t\t$(\"head\").append(\"<style>.dfd-heading-69f3469d5cb16.dfd-heading-module-wrap .dfd-heading-module .dfd-heading-delimiter {border-bottom-style:solid;border-bottom-width:1px;width:100px;border-bottom-color:#dddddd;}.dfd-heading-69f3469d5cb16.dfd-heading-module-wrap .dfd-heading-module .dfd-heading-delimiter {margin-top:10px;margin-bottom:10px;}<\/style>\");\r\n\t\t\t\t\t\t\t\t\t})(jQuery);\r\n\t\t\t\t\t\t\t\t<\/script><\/div><div class=\"ult-spacer spacer-69f3469d5cb6d\" data-id=\"69f3469d5cb6d\" data-height=\"25\" data-height-mobile=\"25\" data-height-tab=\"25\" data-height-tab-portrait=\"\" data-height-mobile-landscape=\"\" style=\"clear:both;display:block;\"><\/div><div class=\"dfd-heading-shortcode\"><div class=\"dfd-heading-module-wrap  text-center style_01 dfd-heading-69f3469d5cbad dfd-disable-resposive-headings\" id=\"dfd-heading-69f3469d5cbad\" ><div class=\"inline-block\"><div class=\"dfd-heading-module\"><h5 class=\"widget-title dfd-title \" style=\"\"><\/p>\n<h5>I colori delle Tre Cime di Lavaredo<\/h5>\n<p><\/h5><div class=\"dfd-heading-delimiter\"><\/div><\/div><\/div><\/div><script type=\"text\/javascript\">\r\n\t\t\t\t\t\t\t\t\t(function($) {\r\n\t\t\t\t\t\t\t\t\t\t$(\"head\").append(\"<style>.dfd-heading-69f3469d5cbad.dfd-heading-module-wrap .dfd-heading-module .dfd-heading-delimiter {border-bottom-style:solid;border-bottom-width:1px;width:100px;border-bottom-color:#dddddd;}.dfd-heading-69f3469d5cbad.dfd-heading-module-wrap .dfd-heading-module .dfd-heading-delimiter {margin-top:10px;margin-bottom:10px;}<\/style>\");\r\n\t\t\t\t\t\t\t\t\t})(jQuery);\r\n\t\t\t\t\t\t\t\t<\/script><\/div><div class=\"ult-spacer spacer-69f3469d5cc0f\" data-id=\"69f3469d5cc0f\" data-height=\"25\" data-height-mobile=\"25\" data-height-tab=\"25\" data-height-tab-portrait=\"\" data-height-mobile-landscape=\"\" style=\"clear:both;display:block;\"><\/div>[vc_column_text]Il fascino delle Tre Cime \u00e8 anche merito degli spettacolari giochi di colore, la cos\u00ec detta <strong>enrosadira<\/strong>.<\/p>\n<p>L&#8217;enrosadira \u00e8 il\u00a0fenomeno\u00a0per cui la maggior parte delle cime delle\u00a0<strong>Dolomiti<\/strong>\u00a0assume un colore rossastro, che passa gradatamente al viola, soprattutto all&#8217;<strong>alba<\/strong>\u00a0e al\u00a0<strong>tramonto<\/strong>.<\/p>\n<p>Questo fenomeno \u00e8 ben visibile nelle sere d&#8217;estate, quando l&#8217;aria \u00e8 particolarmente limpida e i crepuscoli sono pi\u00f9 lunghi. Il fenomeno dell&#8217;enrosadira pu\u00f2 manifestarsi in modo diverso nei vari periodi dell&#8217;anno, e pu\u00f2 variare sensibilmente tra un giorno e l&#8217;altro in funzione dei fenomeni\u00a0meteorologici. La tinta assunta dalle cime delle montagne varia dal<strong>\u00a0rosa<\/strong>\u00a0all&#8217;<strong>arancione<\/strong>, fino al\u00a0<strong>viola<\/strong>. Queste variazioni di tinte e durata dell&#8217;enrosadira, sono quindi dovute alle diverse posizioni del sole durante l&#8217;anno e alle condizioni dell&#8217;atmosfera. Tale fenomeno si manifesta su tutte le <strong>Dolomiti<\/strong>. Il fenomeno \u00e8 incrementato dalla riflettivit\u00e0 delle pareti rocciose delle Dolomiti, formate dalla\u00a0<strong>dolomia<\/strong>\u00a0contenente\u00a0dolomite, un composto di\u00a0carbonato di calcio\u00a0e\u00a0magnesio.<\/p>\n<p>La bellezza delle Tre Cime non si spegne nemmeno sotto la pioggia, in cui dominano diverse sfumature di grigio, donando alle montagne grande <strong>fascino<\/strong> e fredda eleganza.<\/p>\n<p>Attraversate dalle nuvole, le vette ricordano un <strong>paesaggio incantano<\/strong>, caratterizzato da colori tenui e glaciali.[\/vc_column_text][\/vc_column_inner][\/vc_row_inner][vc_row_inner][vc_column_inner]<div class=\"ult-spacer spacer-69f3469d5cc2c\" data-id=\"69f3469d5cc2c\" data-height=\"25\" data-height-mobile=\"25\" data-height-tab=\"25\" data-height-tab-portrait=\"\" data-height-mobile-landscape=\"\" style=\"clear:both;display:block;\"><\/div><div class=\"dfd-heading-shortcode\"><div class=\"dfd-heading-module-wrap  text-center style_01 dfd-heading-69f3469d5cc69 dfd-disable-resposive-headings\" id=\"dfd-heading-69f3469d5cc69\" ><div class=\"inline-block\"><div class=\"dfd-heading-module\"><h5 class=\"widget-title dfd-title \" style=\"\"><\/p>\n<h5>La Grande Guerra<\/h5>\n<p><\/h5><div class=\"dfd-heading-delimiter\"><\/div><\/div><\/div><\/div><script type=\"text\/javascript\">\r\n\t\t\t\t\t\t\t\t\t(function($) {\r\n\t\t\t\t\t\t\t\t\t\t$(\"head\").append(\"<style>.dfd-heading-69f3469d5cc69.dfd-heading-module-wrap .dfd-heading-module .dfd-heading-delimiter {border-bottom-style:solid;border-bottom-width:1px;width:100px;border-bottom-color:#dddddd;}.dfd-heading-69f3469d5cc69.dfd-heading-module-wrap .dfd-heading-module .dfd-heading-delimiter {margin-top:10px;margin-bottom:10px;}<\/style>\");\r\n\t\t\t\t\t\t\t\t\t})(jQuery);\r\n\t\t\t\t\t\t\t\t<\/script><\/div><div class=\"ult-spacer spacer-69f3469d5cccc\" data-id=\"69f3469d5cccc\" data-height=\"25\" data-height-mobile=\"25\" data-height-tab=\"25\" data-height-tab-portrait=\"\" data-height-mobile-landscape=\"\" style=\"clear:both;display:block;\"><\/div>[vc_column_text]Tra il 1915 e il 1918 la zona delle Tre Cime, che costituiva il vecchio <strong>confine di stato<\/strong>, si trasform\u00f2 tristemente in un crudele <strong>teatro di guerra<\/strong>, in cui si combatterono i Kaiserj\u00e4ger <strong>austriaci<\/strong> e gli <strong>alpini italiani<\/strong>. A testimonianza di questo terribile scenario, sono ancora oggi visibili numerose <strong>gallerie<\/strong> e <strong>trincee<\/strong>.[\/vc_column_text][\/vc_column_inner][\/vc_row_inner][vc_row_inner][vc_column_inner]<div class=\"ult-spacer spacer-69f3469d5cce9\" data-id=\"69f3469d5cce9\" data-height=\"25\" data-height-mobile=\"25\" data-height-tab=\"25\" data-height-tab-portrait=\"\" data-height-mobile-landscape=\"\" style=\"clear:both;display:block;\"><\/div><div class=\"dfd-heading-shortcode\"><div class=\"dfd-heading-module-wrap  text-center style_01 dfd-heading-69f3469d5cd26 dfd-disable-resposive-headings\" id=\"dfd-heading-69f3469d5cd26\" ><div class=\"inline-block\"><div class=\"dfd-heading-module\"><h5 class=\"widget-title dfd-title \" style=\"\"><\/p>\n<h5>Le prime scalate<\/h5>\n<p><\/h5><div class=\"dfd-heading-delimiter\"><\/div><\/div><\/div><\/div><script type=\"text\/javascript\">\r\n\t\t\t\t\t\t\t\t\t(function($) {\r\n\t\t\t\t\t\t\t\t\t\t$(\"head\").append(\"<style>.dfd-heading-69f3469d5cd26.dfd-heading-module-wrap .dfd-heading-module .dfd-heading-delimiter {border-bottom-style:solid;border-bottom-width:1px;width:100px;border-bottom-color:#dddddd;}.dfd-heading-69f3469d5cd26.dfd-heading-module-wrap .dfd-heading-module .dfd-heading-delimiter {margin-top:10px;margin-bottom:10px;}<\/style>\");\r\n\t\t\t\t\t\t\t\t\t})(jQuery);\r\n\t\t\t\t\t\t\t\t<\/script><\/div><div class=\"ult-spacer spacer-69f3469d5cd78\" data-id=\"69f3469d5cd78\" data-height=\"25\" data-height-mobile=\"25\" data-height-tab=\"25\" data-height-tab-portrait=\"\" data-height-mobile-landscape=\"\" style=\"clear:both;display:block;\"><\/div>[vc_column_text]Il primo alpinista a conquistare le Tre Cime fu un austriaco, <strong>Paul Grohmann<\/strong>, il quale dopo aver scalato altre vette delle Dolomiti, fu stregato dall\u2019audacia della loro particolare architettura e decise di tentare l\u2019impresa insieme alle guide locali <strong>Franz Innerkofler<\/strong> e <strong>Peter Salcher<\/strong>. Nell\u2019agosto del 1869 riuscirono nell\u2019impresa, conquistando la Cima Grande in meno di 3 ore.<br \/>\nQualche anno pi\u00f9 tardi, nel 1874, la giovane ventunenne <strong>Anna Ploner<\/strong> fu la prima donna ad intraprendere la scalata della Cima Grande, guidata dalle guide alpine Michl Innerkofler e Luigi Orsolina.<br \/>\nLa Cima Ovest, meno ambita perch\u00e9 meno alta della Grande, fu scalata per la prima volta da Michel Innerkofler (parente di Franz Innerkofler) e Georg Ploner nel 1879.<br \/>\nPer la Cima Piccola dovettero passare invece altri due anni, quando nel 1881 fu scalata dalle guide alpine Michel ed Hans Innerkofler.[\/vc_column_text][\/vc_column_inner][\/vc_row_inner][vc_row_inner][vc_column_inner][vc_single_image image=&#8221;36437&#8243; img_size=&#8221;full&#8221;]<div class=\"ult-spacer spacer-69f3469d5cd93\" data-id=\"69f3469d5cd93\" data-height=\"25\" data-height-mobile=\"25\" data-height-tab=\"25\" data-height-tab-portrait=\"\" data-height-mobile-landscape=\"\" style=\"clear:both;display:block;\"><\/div><div class=\"dfd-heading-shortcode\"><div class=\"dfd-heading-module-wrap  text-center style_01 dfd-heading-69f3469d5cdcf dfd-disable-resposive-headings\" id=\"dfd-heading-69f3469d5cdcf\" ><div class=\"inline-block\"><div class=\"dfd-heading-module\"><h5 class=\"widget-title dfd-title \" style=\"\"><\/p>\n<h5>Le prime riprese<\/h5>\n<p><\/h5><div class=\"dfd-heading-delimiter\"><\/div><\/div><\/div><\/div><script type=\"text\/javascript\">\r\n\t\t\t\t\t\t\t\t\t(function($) {\r\n\t\t\t\t\t\t\t\t\t\t$(\"head\").append(\"<style>.dfd-heading-69f3469d5cdcf.dfd-heading-module-wrap .dfd-heading-module .dfd-heading-delimiter {border-bottom-style:solid;border-bottom-width:1px;width:100px;border-bottom-color:#dddddd;}.dfd-heading-69f3469d5cdcf.dfd-heading-module-wrap .dfd-heading-module .dfd-heading-delimiter {margin-top:10px;margin-bottom:10px;}<\/style>\");\r\n\t\t\t\t\t\t\t\t\t})(jQuery);\r\n\t\t\t\t\t\t\t\t<\/script><\/div><div class=\"ult-spacer spacer-69f3469d5ce20\" data-id=\"69f3469d5ce20\" data-height=\"25\" data-height-mobile=\"25\" data-height-tab=\"25\" data-height-tab-portrait=\"\" data-height-mobile-landscape=\"\" style=\"clear:both;display:block;\"><\/div>[vc_column_text]La prima volta, in cui le <strong>Tre Cime di Lavaredo<\/strong> furono filmate, risale al <strong>1907<\/strong>, anno in cui l\u2019inglese Frank Ormiston-Smith, gi\u00e0 noto per aver girato l\u2019ascensione del Monte Bianco quattro anni prima, fu inviato per realizzare delle riprese, attraverso una macchina da presa costruita per l\u2019occasione.<br \/>\nI filmati furono venduti da Frank Ormiston-Smith come \u201cthe greatest show of the world&#8221; (il maggiore spettacolo al mondo) ed in breve tempo le <strong>Tre Cime di Lavaredo<\/strong> furono prese d\u2019assalto da fotografi e cineasti, desiderosi di immortalare a loro volta questo spettacolo della natura.[\/vc_column_text][\/vc_column_inner][\/vc_row_inner][vc_row_inner][vc_column_inner]<div class=\"ult-spacer spacer-69f3469d5ce3a\" data-id=\"69f3469d5ce3a\" data-height=\"25\" data-height-mobile=\"25\" data-height-tab=\"25\" data-height-tab-portrait=\"\" data-height-mobile-landscape=\"\" style=\"clear:both;display:block;\"><\/div><div class=\"dfd-heading-shortcode\"><div class=\"dfd-heading-module-wrap  text-center style_01 dfd-heading-69f3469d5ce7e dfd-disable-resposive-headings\" id=\"dfd-heading-69f3469d5ce7e\" ><div class=\"inline-block\"><div class=\"dfd-heading-module\"><h5 class=\"widget-title dfd-title \" style=\"\"><\/p>\n<h5>Tre Cime, comparse d\u2019eccezione<\/h5>\n<p><\/h5><div class=\"dfd-heading-delimiter\"><\/div><\/div><\/div><\/div><script type=\"text\/javascript\">\r\n\t\t\t\t\t\t\t\t\t(function($) {\r\n\t\t\t\t\t\t\t\t\t\t$(\"head\").append(\"<style>.dfd-heading-69f3469d5ce7e.dfd-heading-module-wrap .dfd-heading-module .dfd-heading-delimiter {border-bottom-style:solid;border-bottom-width:1px;width:100px;border-bottom-color:#dddddd;}.dfd-heading-69f3469d5ce7e.dfd-heading-module-wrap .dfd-heading-module .dfd-heading-delimiter {margin-top:10px;margin-bottom:10px;}<\/style>\");\r\n\t\t\t\t\t\t\t\t\t})(jQuery);\r\n\t\t\t\t\t\t\t\t<\/script><\/div><div class=\"ult-spacer spacer-69f3469d5cecd\" data-id=\"69f3469d5cecd\" data-height=\"25\" data-height-mobile=\"25\" data-height-tab=\"25\" data-height-tab-portrait=\"\" data-height-mobile-landscape=\"\" style=\"clear:both;display:block;\"><\/div>[vc_column_text]<em>Nel Mondo Musicale<\/em><br \/>\nIl fascino delle Tre Cime ha conquistato anche Chris Martin, frontman dei <strong>Coldplay<\/strong>. Nel video del brano \u201c<strong>Up&amp;Up<\/strong>\u201d del 2016 i componenti della band britannica suonano come giganti tra alcuni dei pi\u00f9 suggestivi paesaggi del mondo raffigurati in miniatura, tra cui, appunto, le nostre Tre Cime.<\/p>\n<p><em>Sul Grande Schermo<\/em><br \/>\nLe <strong>Tre Cime di Lavaredo<\/strong> hanno fatto da sfondo ad una battaglia tra navicelle spaziali. Nel 2017, infatti, le Dolomiti sono state protagoniste di una scena dell\u2019iconica saga <strong>Star Wars &#8211; Gli ultimi Jedi<\/strong>.<\/p>\n<p>Inoltre, sono comparse anche nel tredicesimo episodio della prima stagione della serie Marvel\u00a0<strong>Agents of S.I.E.L.D<\/strong>. e nel videogioco <strong>Far Cry Primal<\/strong>.[\/vc_column_text][\/vc_column_inner][\/vc_row_inner][vc_row_inner][vc_column_inner]<div class=\"ult-spacer spacer-69f3469d5cee6\" data-id=\"69f3469d5cee6\" data-height=\"25\" data-height-mobile=\"25\" data-height-tab=\"25\" data-height-tab-portrait=\"\" data-height-mobile-landscape=\"\" style=\"clear:both;display:block;\"><\/div><div class=\"dfd-heading-shortcode\"><div class=\"dfd-heading-module-wrap  text-center style_01 dfd-heading-69f3469d5cf2d dfd-disable-resposive-headings\" id=\"dfd-heading-69f3469d5cf2d\" ><div class=\"inline-block\"><div class=\"dfd-heading-module\"><h5 class=\"widget-title dfd-title \" style=\"\"><\/p>\n<h5>Marsupio e le Tre Cime di Lavaredo<\/h5>\n<p><\/h5><div class=\"dfd-heading-delimiter\"><\/div><\/div><\/div><\/div><script type=\"text\/javascript\">\r\n\t\t\t\t\t\t\t\t\t(function($) {\r\n\t\t\t\t\t\t\t\t\t\t$(\"head\").append(\"<style>.dfd-heading-69f3469d5cf2d.dfd-heading-module-wrap .dfd-heading-module .dfd-heading-delimiter {border-bottom-style:solid;border-bottom-width:1px;width:100px;border-bottom-color:#dddddd;}.dfd-heading-69f3469d5cf2d.dfd-heading-module-wrap .dfd-heading-module .dfd-heading-delimiter {margin-top:10px;margin-bottom:10px;}<\/style>\");\r\n\t\t\t\t\t\t\t\t\t})(jQuery);\r\n\t\t\t\t\t\t\t\t<\/script><\/div><div class=\"ult-spacer spacer-69f3469d5cf7d\" data-id=\"69f3469d5cf7d\" data-height=\"25\" data-height-mobile=\"25\" data-height-tab=\"25\" data-height-tab-portrait=\"\" data-height-mobile-landscape=\"\" style=\"clear:both;display:block;\"><\/div>[vc_column_text]L\u2019inconfondibile <strong>skyline<\/strong> delle Tre Cime ha ispirato non solo grandi artisti, fotografi e registi, ma anche la nostra azienda in prima persona.<br \/>\nIl <strong>profilo delle tre vette<\/strong> \u00e8 stato infatti il punto di riferimento per disegnare la <strong>M nel logo Marsupio<\/strong>. Da sempre la nostra Azienda \u00e8 legata alla <strong>natura<\/strong> ed al <strong>territorio<\/strong>; non potevamo dunque non rendere omaggio ad una delle pi\u00f9 grandi <strong>meraviglie<\/strong> nella nostra regione.<br \/>\nSe volete saperne di pi\u00f9, vi invitiamo a guardare il <strong>video<\/strong> che abbiamo realizzato per raccontare la nostra storia e la filosofia della nostra azienda:[\/vc_column_text][\/vc_column_inner][\/vc_row_inner][\/vc_column][\/vc_row][vc_row][vc_column]<div class=\"ult-spacer spacer-69f3469d5cf9b\" data-id=\"69f3469d5cf9b\" data-height=\"25\" data-height-mobile=\"25\" data-height-tab=\"25\" data-height-tab-portrait=\"\" data-height-mobile-landscape=\"\" style=\"clear:both;display:block;\"><\/div><div class=\"animation-container \" ><div id=\"video-player-69f3469d5cff3-1822\" class=\"dfd-videoplayer style-1  text-center \"><div class=\"dfd-video-content video-content\" id=\"module_video_69f3469d5cffe\"><div class=\"dfd-video-box no-thumb\"  ><div class=\"wpb_video_wrapper\"><iframe title=\"OUR STORY\" width=\"1200\" height=\"675\" src=\"https:\/\/www.youtube.com\/embed\/jS77M3GPtG4?feature=oembed\" frameborder=\"0\" allow=\"accelerometer; autoplay; clipboard-write; encrypted-media; gyroscope; picture-in-picture\" allowfullscreen><\/iframe><\/div><\/div><\/div><\/div><\/div><script type=\"text\/javascript\">\r\n\t\t\t\t\t\t\t(function($) {\r\n\t\t\t\t\t\t\t\t$(\"head\").append(\"<style><\/style>\");\r\n\t\t\t\t\t\t\t\t$(document).ready(function(){\r\n\t\t\t\t\t\t\t\t\tDFD_VideoModule.init(\"module_video_69f3469d5cffe\",\"video-player-69f3469d5cff3-1822\");\r\n\t\t\t\t\t\t\t\t});\r\n\t\t\t\t\t\t\t})(jQuery);\r\n\t\t\t\t\t\t<\/script><div class=\"ult-spacer spacer-69f3469d64672\" data-id=\"69f3469d64672\" data-height=\"25\" data-height-mobile=\"25\" data-height-tab=\"25\" data-height-tab-portrait=\"\" data-height-mobile-landscape=\"\" style=\"clear:both;display:block;\"><\/div>[vc_column_text]<\/p>\n<p style=\"text-align: center;\">Le Tre Cime di Lavaredo sono un luogo magico e suggestivo,<br \/>\nuna meta immancabile per chiunque decida di visitare le Dolomiti.<br \/>\nLa nostra speranza \u00e8 quella di esser riusciti a farvi viaggiare con la mente tra i paesaggi incantevoli che regalano le nostre montagne e, magari, aver acceso in voi il desiderio di ammirarle dal vivo in tutta la loro maestosit\u00e0.<\/p>\n<p>[\/vc_column_text]<div class=\"ult-spacer spacer-69f3469d6469e\" data-id=\"69f3469d6469e\" data-height=\"25\" data-height-mobile=\"25\" data-height-tab=\"25\" data-height-tab-portrait=\"\" data-height-mobile-landscape=\"\" style=\"clear:both;display:block;\"><\/div>[\/vc_column][\/vc_row][vc_row][vc_column]<div id=\"dfd-soc-icon-69f3469d64712-3967\" class=\"dfd-new-soc-icon text-center style-6   \" ><div class=\"soc-icon-container clearfix\"><a href=\"https:\/\/www.facebook.com\/MarsupioOfficial\" title=\"Marsupio\" target=\"_blank\"  class=\"soc_icon-facebook\"><i class=\"soc_icon-facebook\"><\/i><\/a><a href=\"https:\/\/www.instagram.com\/marsupioofficial\" title=\"MarsupioOfficial\" target=\"_blank\"  class=\"soc_icon-instagram\"><i class=\"soc_icon-instagram\"><\/i><\/a><\/div><\/div><script type=\"text\/javascript\">\r\n\t\t\t\t\t\t\t(function($) {\r\n\t\t\t\t\t\t\t\t$(\"head\").append(\"<style><\/style>\");\r\n\t\t\t\t\t\t\t})(jQuery);\r\n\t\t\t\t\t\t<\/script>[\/vc_column][\/vc_row]<\/p>\n<\/section>","protected":false},"excerpt":{"rendered":"<p>[vc_row][vc_column][vc_row_inner][vc_column_inner][vc_column_text]Le Tre Cime di Lavaredo sono il simbolo indiscusso delle Dolomiti. Sono, infatti, una delle meraviglie italiane pi\u00f9 conosciute ed apprezzate, tanto da richiamare ogni anno migliaia di turisti da<\/p>\n","protected":false},"author":182,"featured_media":36451,"comment_status":"closed","ping_status":"closed","sticky":false,"template":"","format":"standard","meta":{"_acf_changed":false,"footnotes":""},"categories":[2221],"tags":[795,899,900,897,898,901,902,895,774,896],"class_list":["post-36409","post","type-post","status-publish","format-standard","has-post-thumbnail","hentry","category-news","tag-dolomiti","tag-dolomiti-belluno","tag-enrosadira","tag-montagne","tag-rifugio-auronzo","tag-rifugio-locatelli","tag-sentiero-tre-cime","tag-tre-cime-di-lavaredo","tag-trekking","tag-veneto"],"acf":[],"yoast_head":"<!-- This site is optimized with the Yoast SEO plugin v25.8 - https:\/\/yoast.com\/wordpress\/plugins\/seo\/ -->\n<title>Le Tre Cime di Lavaredo - Marsupio<\/title>\n<meta name=\"robots\" content=\"index, follow, max-snippet:-1, max-image-preview:large, max-video-preview:-1\" \/>\n<link rel=\"canonical\" href=\"https:\/\/www.marsupio.it\/it\/le-tre-cime-di-lavaredo\/\" \/>\n<meta property=\"og:locale\" content=\"it_IT\" \/>\n<meta property=\"og:type\" content=\"article\" \/>\n<meta property=\"og:title\" content=\"Le Tre Cime di Lavaredo - Marsupio\" \/>\n<meta property=\"og:description\" content=\"[vc_row][vc_column][vc_row_inner][vc_column_inner][vc_column_text]Le Tre Cime di Lavaredo sono il simbolo indiscusso delle Dolomiti. Sono, infatti, una delle meraviglie italiane pi\u00f9 conosciute ed apprezzate, tanto da richiamare ogni anno migliaia di turisti da\" \/>\n<meta property=\"og:url\" content=\"https:\/\/www.marsupio.it\/it\/le-tre-cime-di-lavaredo\/\" \/>\n<meta property=\"og:site_name\" content=\"Marsupio\" \/>\n<meta property=\"article:published_time\" content=\"2021-11-03T11:33:55+00:00\" \/>\n<meta property=\"article:modified_time\" content=\"2022-11-23T09:29:36+00:00\" \/>\n<meta property=\"og:image\" content=\"https:\/\/www.marsupio.it\/wp-content\/uploads\/2021\/11\/tre-cime-di-lavaredo-in-inverno-1.jpg\" \/>\n\t<meta property=\"og:image:width\" content=\"800\" \/>\n\t<meta property=\"og:image:height\" content=\"748\" \/>\n\t<meta property=\"og:image:type\" content=\"image\/jpeg\" \/>\n<meta name=\"author\" content=\"marsupio\" \/>\n<meta name=\"twitter:card\" content=\"summary_large_image\" \/>\n<meta name=\"twitter:label1\" content=\"Scritto da\" \/>\n\t<meta name=\"twitter:data1\" content=\"marsupio\" \/>\n\t<meta name=\"twitter:label2\" content=\"Tempo di lettura stimato\" \/>\n\t<meta name=\"twitter:data2\" content=\"11 minuti\" \/>\n<script type=\"application\/ld+json\" class=\"yoast-schema-graph\">{\"@context\":\"https:\/\/schema.org\",\"@graph\":[{\"@type\":\"Article\",\"@id\":\"https:\/\/www.marsupio.it\/it\/le-tre-cime-di-lavaredo\/#article\",\"isPartOf\":{\"@id\":\"https:\/\/www.marsupio.it\/it\/le-tre-cime-di-lavaredo\/\"},\"author\":{\"name\":\"marsupio\",\"@id\":\"https:\/\/www.marsupio.it\/en\/#\/schema\/person\/596f730a2ffeb013201982a4b2ec5a02\"},\"headline\":\"Le Tre Cime di Lavaredo\",\"datePublished\":\"2021-11-03T11:33:55+00:00\",\"dateModified\":\"2022-11-23T09:29:36+00:00\",\"mainEntityOfPage\":{\"@id\":\"https:\/\/www.marsupio.it\/it\/le-tre-cime-di-lavaredo\/\"},\"wordCount\":2122,\"publisher\":{\"@id\":\"https:\/\/www.marsupio.it\/en\/#organization\"},\"image\":{\"@id\":\"https:\/\/www.marsupio.it\/it\/le-tre-cime-di-lavaredo\/#primaryimage\"},\"thumbnailUrl\":\"https:\/\/www.marsupio.it\/wp-content\/uploads\/2021\/11\/tre-cime-di-lavaredo-in-inverno-1.jpg\",\"keywords\":[\"Dolomiti\",\"dolomiti Belluno\",\"enrosadira\",\"montagne\",\"rifugio auronzo\",\"rifugio Locatelli\",\"sentiero tre cime\",\"tre cime di lavaredo\",\"trekking\",\"veneto\"],\"articleSection\":[\"news\"],\"inLanguage\":\"it-IT\"},{\"@type\":\"WebPage\",\"@id\":\"https:\/\/www.marsupio.it\/it\/le-tre-cime-di-lavaredo\/\",\"url\":\"https:\/\/www.marsupio.it\/it\/le-tre-cime-di-lavaredo\/\",\"name\":\"Le Tre Cime di Lavaredo - Marsupio\",\"isPartOf\":{\"@id\":\"https:\/\/www.marsupio.it\/en\/#website\"},\"primaryImageOfPage\":{\"@id\":\"https:\/\/www.marsupio.it\/it\/le-tre-cime-di-lavaredo\/#primaryimage\"},\"image\":{\"@id\":\"https:\/\/www.marsupio.it\/it\/le-tre-cime-di-lavaredo\/#primaryimage\"},\"thumbnailUrl\":\"https:\/\/www.marsupio.it\/wp-content\/uploads\/2021\/11\/tre-cime-di-lavaredo-in-inverno-1.jpg\",\"datePublished\":\"2021-11-03T11:33:55+00:00\",\"dateModified\":\"2022-11-23T09:29:36+00:00\",\"breadcrumb\":{\"@id\":\"https:\/\/www.marsupio.it\/it\/le-tre-cime-di-lavaredo\/#breadcrumb\"},\"inLanguage\":\"it-IT\",\"potentialAction\":[{\"@type\":\"ReadAction\",\"target\":[\"https:\/\/www.marsupio.it\/it\/le-tre-cime-di-lavaredo\/\"]}]},{\"@type\":\"ImageObject\",\"inLanguage\":\"it-IT\",\"@id\":\"https:\/\/www.marsupio.it\/it\/le-tre-cime-di-lavaredo\/#primaryimage\",\"url\":\"https:\/\/www.marsupio.it\/wp-content\/uploads\/2021\/11\/tre-cime-di-lavaredo-in-inverno-1.jpg\",\"contentUrl\":\"https:\/\/www.marsupio.it\/wp-content\/uploads\/2021\/11\/tre-cime-di-lavaredo-in-inverno-1.jpg\",\"width\":800,\"height\":748,\"caption\":\"Mountain panorama in the Italy at the night time. Beautiful natural landscape in the Italy mountain\"},{\"@type\":\"BreadcrumbList\",\"@id\":\"https:\/\/www.marsupio.it\/it\/le-tre-cime-di-lavaredo\/#breadcrumb\",\"itemListElement\":[{\"@type\":\"ListItem\",\"position\":1,\"name\":\"Home\",\"item\":\"https:\/\/www.marsupio.it\/it\/\"},{\"@type\":\"ListItem\",\"position\":2,\"name\":\"Le Tre Cime di Lavaredo\"}]},{\"@type\":\"WebSite\",\"@id\":\"https:\/\/www.marsupio.it\/en\/#website\",\"url\":\"https:\/\/www.marsupio.it\/en\/\",\"name\":\"Marsupio\",\"description\":\"\",\"publisher\":{\"@id\":\"https:\/\/www.marsupio.it\/en\/#organization\"},\"potentialAction\":[{\"@type\":\"SearchAction\",\"target\":{\"@type\":\"EntryPoint\",\"urlTemplate\":\"https:\/\/www.marsupio.it\/en\/?s={search_term_string}\"},\"query-input\":{\"@type\":\"PropertyValueSpecification\",\"valueRequired\":true,\"valueName\":\"search_term_string\"}}],\"inLanguage\":\"it-IT\"},{\"@type\":\"Organization\",\"@id\":\"https:\/\/www.marsupio.it\/en\/#organization\",\"name\":\"Marsupio\",\"url\":\"https:\/\/www.marsupio.it\/en\/\",\"logo\":{\"@type\":\"ImageObject\",\"inLanguage\":\"it-IT\",\"@id\":\"https:\/\/www.marsupio.it\/en\/#\/schema\/logo\/image\/\",\"url\":\"https:\/\/www.marsupio.it\/wp-content\/uploads\/2022\/09\/Marsupio2-1.png\",\"contentUrl\":\"https:\/\/www.marsupio.it\/wp-content\/uploads\/2022\/09\/Marsupio2-1.png\",\"width\":475,\"height\":294,\"caption\":\"Marsupio\"},\"image\":{\"@id\":\"https:\/\/www.marsupio.it\/en\/#\/schema\/logo\/image\/\"}},{\"@type\":\"Person\",\"@id\":\"https:\/\/www.marsupio.it\/en\/#\/schema\/person\/596f730a2ffeb013201982a4b2ec5a02\",\"name\":\"marsupio\",\"image\":{\"@type\":\"ImageObject\",\"inLanguage\":\"it-IT\",\"@id\":\"https:\/\/www.marsupio.it\/en\/#\/schema\/person\/image\/\",\"url\":\"https:\/\/secure.gravatar.com\/avatar\/f1279f51837495d3029326a11979d60c?s=96&d=mm&r=g\",\"contentUrl\":\"https:\/\/secure.gravatar.com\/avatar\/f1279f51837495d3029326a11979d60c?s=96&d=mm&r=g\",\"caption\":\"marsupio\"},\"url\":\"https:\/\/www.marsupio.it\/it\/author\/marsupio\/\"}]}<\/script>\n<!-- \/ Yoast SEO plugin. -->","yoast_head_json":{"title":"Le Tre Cime di Lavaredo - Marsupio","robots":{"index":"index","follow":"follow","max-snippet":"max-snippet:-1","max-image-preview":"max-image-preview:large","max-video-preview":"max-video-preview:-1"},"canonical":"https:\/\/www.marsupio.it\/it\/le-tre-cime-di-lavaredo\/","og_locale":"it_IT","og_type":"article","og_title":"Le Tre Cime di Lavaredo - Marsupio","og_description":"[vc_row][vc_column][vc_row_inner][vc_column_inner][vc_column_text]Le Tre Cime di Lavaredo sono il simbolo indiscusso delle Dolomiti. Sono, infatti, una delle meraviglie italiane pi\u00f9 conosciute ed apprezzate, tanto da richiamare ogni anno migliaia di turisti da","og_url":"https:\/\/www.marsupio.it\/it\/le-tre-cime-di-lavaredo\/","og_site_name":"Marsupio","article_published_time":"2021-11-03T11:33:55+00:00","article_modified_time":"2022-11-23T09:29:36+00:00","og_image":[{"width":800,"height":748,"url":"https:\/\/www.marsupio.it\/wp-content\/uploads\/2021\/11\/tre-cime-di-lavaredo-in-inverno-1.jpg","type":"image\/jpeg"}],"author":"marsupio","twitter_card":"summary_large_image","twitter_misc":{"Scritto da":"marsupio","Tempo di lettura stimato":"11 minuti"},"schema":{"@context":"https:\/\/schema.org","@graph":[{"@type":"Article","@id":"https:\/\/www.marsupio.it\/it\/le-tre-cime-di-lavaredo\/#article","isPartOf":{"@id":"https:\/\/www.marsupio.it\/it\/le-tre-cime-di-lavaredo\/"},"author":{"name":"marsupio","@id":"https:\/\/www.marsupio.it\/en\/#\/schema\/person\/596f730a2ffeb013201982a4b2ec5a02"},"headline":"Le Tre Cime di Lavaredo","datePublished":"2021-11-03T11:33:55+00:00","dateModified":"2022-11-23T09:29:36+00:00","mainEntityOfPage":{"@id":"https:\/\/www.marsupio.it\/it\/le-tre-cime-di-lavaredo\/"},"wordCount":2122,"publisher":{"@id":"https:\/\/www.marsupio.it\/en\/#organization"},"image":{"@id":"https:\/\/www.marsupio.it\/it\/le-tre-cime-di-lavaredo\/#primaryimage"},"thumbnailUrl":"https:\/\/www.marsupio.it\/wp-content\/uploads\/2021\/11\/tre-cime-di-lavaredo-in-inverno-1.jpg","keywords":["Dolomiti","dolomiti Belluno","enrosadira","montagne","rifugio auronzo","rifugio Locatelli","sentiero tre cime","tre cime di lavaredo","trekking","veneto"],"articleSection":["news"],"inLanguage":"it-IT"},{"@type":"WebPage","@id":"https:\/\/www.marsupio.it\/it\/le-tre-cime-di-lavaredo\/","url":"https:\/\/www.marsupio.it\/it\/le-tre-cime-di-lavaredo\/","name":"Le Tre Cime di Lavaredo - Marsupio","isPartOf":{"@id":"https:\/\/www.marsupio.it\/en\/#website"},"primaryImageOfPage":{"@id":"https:\/\/www.marsupio.it\/it\/le-tre-cime-di-lavaredo\/#primaryimage"},"image":{"@id":"https:\/\/www.marsupio.it\/it\/le-tre-cime-di-lavaredo\/#primaryimage"},"thumbnailUrl":"https:\/\/www.marsupio.it\/wp-content\/uploads\/2021\/11\/tre-cime-di-lavaredo-in-inverno-1.jpg","datePublished":"2021-11-03T11:33:55+00:00","dateModified":"2022-11-23T09:29:36+00:00","breadcrumb":{"@id":"https:\/\/www.marsupio.it\/it\/le-tre-cime-di-lavaredo\/#breadcrumb"},"inLanguage":"it-IT","potentialAction":[{"@type":"ReadAction","target":["https:\/\/www.marsupio.it\/it\/le-tre-cime-di-lavaredo\/"]}]},{"@type":"ImageObject","inLanguage":"it-IT","@id":"https:\/\/www.marsupio.it\/it\/le-tre-cime-di-lavaredo\/#primaryimage","url":"https:\/\/www.marsupio.it\/wp-content\/uploads\/2021\/11\/tre-cime-di-lavaredo-in-inverno-1.jpg","contentUrl":"https:\/\/www.marsupio.it\/wp-content\/uploads\/2021\/11\/tre-cime-di-lavaredo-in-inverno-1.jpg","width":800,"height":748,"caption":"Mountain panorama in the Italy at the night time. Beautiful natural landscape in the Italy mountain"},{"@type":"BreadcrumbList","@id":"https:\/\/www.marsupio.it\/it\/le-tre-cime-di-lavaredo\/#breadcrumb","itemListElement":[{"@type":"ListItem","position":1,"name":"Home","item":"https:\/\/www.marsupio.it\/it\/"},{"@type":"ListItem","position":2,"name":"Le Tre Cime di Lavaredo"}]},{"@type":"WebSite","@id":"https:\/\/www.marsupio.it\/en\/#website","url":"https:\/\/www.marsupio.it\/en\/","name":"Marsupio","description":"","publisher":{"@id":"https:\/\/www.marsupio.it\/en\/#organization"},"potentialAction":[{"@type":"SearchAction","target":{"@type":"EntryPoint","urlTemplate":"https:\/\/www.marsupio.it\/en\/?s={search_term_string}"},"query-input":{"@type":"PropertyValueSpecification","valueRequired":true,"valueName":"search_term_string"}}],"inLanguage":"it-IT"},{"@type":"Organization","@id":"https:\/\/www.marsupio.it\/en\/#organization","name":"Marsupio","url":"https:\/\/www.marsupio.it\/en\/","logo":{"@type":"ImageObject","inLanguage":"it-IT","@id":"https:\/\/www.marsupio.it\/en\/#\/schema\/logo\/image\/","url":"https:\/\/www.marsupio.it\/wp-content\/uploads\/2022\/09\/Marsupio2-1.png","contentUrl":"https:\/\/www.marsupio.it\/wp-content\/uploads\/2022\/09\/Marsupio2-1.png","width":475,"height":294,"caption":"Marsupio"},"image":{"@id":"https:\/\/www.marsupio.it\/en\/#\/schema\/logo\/image\/"}},{"@type":"Person","@id":"https:\/\/www.marsupio.it\/en\/#\/schema\/person\/596f730a2ffeb013201982a4b2ec5a02","name":"marsupio","image":{"@type":"ImageObject","inLanguage":"it-IT","@id":"https:\/\/www.marsupio.it\/en\/#\/schema\/person\/image\/","url":"https:\/\/secure.gravatar.com\/avatar\/f1279f51837495d3029326a11979d60c?s=96&d=mm&r=g","contentUrl":"https:\/\/secure.gravatar.com\/avatar\/f1279f51837495d3029326a11979d60c?s=96&d=mm&r=g","caption":"marsupio"},"url":"https:\/\/www.marsupio.it\/it\/author\/marsupio\/"}]}},"_links":{"self":[{"href":"https:\/\/www.marsupio.it\/it\/wp-json\/wp\/v2\/posts\/36409","targetHints":{"allow":["GET"]}}],"collection":[{"href":"https:\/\/www.marsupio.it\/it\/wp-json\/wp\/v2\/posts"}],"about":[{"href":"https:\/\/www.marsupio.it\/it\/wp-json\/wp\/v2\/types\/post"}],"author":[{"embeddable":true,"href":"https:\/\/www.marsupio.it\/it\/wp-json\/wp\/v2\/users\/182"}],"replies":[{"embeddable":true,"href":"https:\/\/www.marsupio.it\/it\/wp-json\/wp\/v2\/comments?post=36409"}],"version-history":[{"count":14,"href":"https:\/\/www.marsupio.it\/it\/wp-json\/wp\/v2\/posts\/36409\/revisions"}],"predecessor-version":[{"id":36410,"href":"https:\/\/www.marsupio.it\/it\/wp-json\/wp\/v2\/posts\/36409\/revisions\/36410"}],"wp:featuredmedia":[{"embeddable":true,"href":"https:\/\/www.marsupio.it\/it\/wp-json\/wp\/v2\/media\/36451"}],"wp:attachment":[{"href":"https:\/\/www.marsupio.it\/it\/wp-json\/wp\/v2\/media?parent=36409"}],"wp:term":[{"taxonomy":"category","embeddable":true,"href":"https:\/\/www.marsupio.it\/it\/wp-json\/wp\/v2\/categories?post=36409"},{"taxonomy":"post_tag","embeddable":true,"href":"https:\/\/www.marsupio.it\/it\/wp-json\/wp\/v2\/tags?post=36409"}],"curies":[{"name":"wp","href":"https:\/\/api.w.org\/{rel}","templated":true}]}}