{"id":32694,"date":"2020-05-06T18:58:16","date_gmt":"2020-05-06T16:58:16","guid":{"rendered":"https:\/\/www.marsupio.it\/?p=32694"},"modified":"2023-03-01T17:16:43","modified_gmt":"2023-03-01T16:16:43","slug":"coronavirus-la-fase-2-in-montagna","status":"publish","type":"post","link":"https:\/\/www.marsupio.it\/it\/coronavirus-la-fase-2-in-montagna\/","title":{"rendered":"Coronavirus: la fase 2 in montagna"},"content":{"rendered":"<section class=\"wpb-content-wrapper\"><p>[vc_row][vc_column][vc_row_inner][vc_column_inner]<div class=\"ult-spacer spacer-69f1df16ee4ef\" data-id=\"69f1df16ee4ef\" data-height=\"25\" data-height-mobile=\"25\" data-height-tab=\"25\" data-height-tab-portrait=\"\" data-height-mobile-landscape=\"\" style=\"clear:both;display:block;\"><\/div>[vc_column_text]Dal <strong>4 Maggio 2020<\/strong>, in Veneto, si pu\u00f2 praticare l&#8217;<strong>attivit\u00e0 sportiva<\/strong> e motoria all&#8217; aperto anche lontano da casa.<br \/>\nRimanendo all&#8217;interno della propria Regione \u00e8 quindi possibile raggiungere con <strong>mezzi propri o pubblici<\/strong>, la meta prescelta. Questa nuova apertura ci permette di goderci i luoghi meravigliosi del nostro territorio, ma ricordiamo che rimane sempre il vincolo di evitare tassativamente gli <strong>assembramenti<\/strong>.[\/vc_column_text]<div class=\"ult-spacer spacer-69f1df16ee529\" data-id=\"69f1df16ee529\" data-height=\"25\" data-height-mobile=\"25\" data-height-tab=\"25\" data-height-tab-portrait=\"\" data-height-mobile-landscape=\"\" style=\"clear:both;display:block;\"><\/div>[\/vc_column_inner][\/vc_row_inner][vc_row_inner][vc_column_inner][vc_column_text]Ecco una lista di accortezze da adottare per chi sceglie di fare attivit\u00e0 in quota:[\/vc_column_text]<div id=\"dfd-icon-list-69f1df16ee589-1495\" class=\"dfd-icon-list-wrap    \" ><ul class=\"dfd-icon-list\"><li class=\"\"><div class=\"dfd-list-content clearfix \" style=\"\"><div class=\"dfd-list-icon-block text-center\" style=\"\"><i class = \"dfd-icon-right_1\"><\/i><\/div><div class=\"dfd-list-content-block content\">Per raggiungere il luogo stabilito \u00e8 possibile spostarsi con mezzi pubblici e privati, in quest&#8217;ultimo caso \u00e8 consentita la presenza di persone conviventi senza limite di vicinanza, mentre per tutti gli altri \u00e8 necessario rispettare la distanza di <strong>1 metro<\/strong>.<\/div><\/div><\/li><li class=\"\"><div class=\"dfd-list-content clearfix \" style=\"\"><div class=\"dfd-list-icon-block text-center\" style=\"\"><i class = \"dfd-icon-right_1\"><\/i><\/div><div class=\"dfd-list-content-block content\">Giunti a destinazione persiste comunque l&#8217;obbligo di <strong>rimanere a distanza<\/strong> di un metro ed <strong>evitare gli assembramenti,<\/strong> indossare mascherina e guanti (o munirsi di gel igienizzante).<\/div><\/div><\/li><li class=\"\"><div class=\"dfd-list-content clearfix \" style=\"\"><div class=\"dfd-list-icon-block text-center\" style=\"\"><i class = \"dfd-icon-right_1\"><\/i><\/div><div class=\"dfd-list-content-block content\">\u00c8 comunque <strong>sconsigliato<\/strong> intraprendere escursioni in solitaria e rimangono sempre valide le regole basilari: essere coscienti dei propri <strong>limiti<\/strong> e non superarli, essere <strong>autosufficienti<\/strong> e rendere noti i propri <strong>spostamenti<\/strong> (nonch\u00e9 l&#8217;orario di rientro) a famigliari o conoscenti che si trovano in loco.<\/div><\/div><\/li><li class=\"\"><div class=\"dfd-list-content clearfix \" style=\"\"><div class=\"dfd-list-icon-block text-center\" style=\"\"><i class = \"dfd-icon-right_1\"><\/i><\/div><div class=\"dfd-list-content-block content\">Vi ricordiamo che tutti i <strong>rifugi<\/strong> in quota sono <strong>chiusi<\/strong> in questo periodo.<\/div><\/div><\/li><li class=\"\"><div class=\"dfd-list-content clearfix \" style=\"\"><div class=\"dfd-list-icon-block text-center\" style=\"\"><i class = \"dfd-icon-right_1\"><\/i><\/div><div class=\"dfd-list-content-block content\">\u00c8 <strong>vietato<\/strong> servirsi dei <strong>bivacchi<\/strong> per le escursioni programmate, il loro utilizzo \u00e8 concesso solo in caso di emergenza. Occorre precisare che avvalersi dei medesimi implica assumersi la responsabilit\u00e0 del <strong>rischio di contagio<\/strong> non essendo luoghi sottoposti a controllo.<\/div><\/div><\/li><\/ul><\/div><script type=\"text\/javascript\">(function($) {$(\"head\").append(\"<style>#dfd-icon-list-69f1df16ee589-1495 .dfd-icon-list .content {style=&quot;&quot;}<\/style>\");})(jQuery);<\/script>[\/vc_column_inner][\/vc_row_inner]<div class=\"ult-spacer spacer-69f1df16ee7ec\" data-id=\"69f1df16ee7ec\" data-height=\"25\" data-height-mobile=\"25\" data-height-tab=\"25\" data-height-tab-portrait=\"\" data-height-mobile-landscape=\"\" style=\"clear:both;display:block;\"><\/div>[\/vc_column][\/vc_row][vc_row][vc_column]<div class=\"ult-spacer spacer-69f1df16ee808\" data-id=\"69f1df16ee808\" data-height=\"25\" data-height-mobile=\"25\" data-height-tab=\"25\" data-height-tab-portrait=\"\" data-height-mobile-landscape=\"\" style=\"clear:both;display:block;\"><\/div>[vc_column_text]<\/p>\n<p style=\"text-align: center;\">Sulla montagna sentiamo la gioia di vivere,<br \/>\nla commozione di sentirsi buoni e il sollievo di dimenticare le miserie terrene.<br \/>\nTutto questo perch\u00e9 siamo pi\u00f9 vicini al cielo.<br \/>\n(Emilio Comici)<\/p>\n<p>[\/vc_column_text]<div class=\"ult-spacer spacer-69f1df16ee825\" data-id=\"69f1df16ee825\" data-height=\"25\" data-height-mobile=\"25\" data-height-tab=\"25\" data-height-tab-portrait=\"\" data-height-mobile-landscape=\"\" style=\"clear:both;display:block;\"><\/div>[vc_single_image image=&#8221;32699&#8243; img_size=&#8221;1000&#8243;]<div class=\"ult-spacer spacer-69f1df16ee83c\" data-id=\"69f1df16ee83c\" data-height=\"25\" data-height-mobile=\"25\" data-height-tab=\"25\" data-height-tab-portrait=\"\" data-height-mobile-landscape=\"\" style=\"clear:both;display:block;\"><\/div>[\/vc_column][\/vc_row][vc_row][vc_column]<div id=\"dfd-soc-icon-69f1df16ee889-4181\" class=\"dfd-new-soc-icon text-center style-6   \" ><div class=\"soc-icon-container clearfix\"><a href=\"https:\/\/www.facebook.com\/MarsupioOfficial\" title=\"Marsupio\" target=\"_blank\"  class=\"soc_icon-facebook\"><i class=\"soc_icon-facebook\"><\/i><\/a><a href=\"https:\/\/www.instagram.com\/marsupioofficial\" title=\"MarsupioOfficial\" target=\"_blank\"  class=\"soc_icon-instagram\"><i class=\"soc_icon-instagram\"><\/i><\/a><\/div><\/div><script type=\"text\/javascript\">\r\n\t\t\t\t\t\t\t(function($) {\r\n\t\t\t\t\t\t\t\t$(\"head\").append(\"<style><\/style>\");\r\n\t\t\t\t\t\t\t})(jQuery);\r\n\t\t\t\t\t\t<\/script>[\/vc_column][\/vc_row]<\/p>\n<\/section>","protected":false},"excerpt":{"rendered":"<p>[vc_row][vc_column][vc_row_inner][vc_column_inner][vc_column_text]Dal 4 Maggio 2020, in Veneto, si pu\u00f2 praticare l&#8217;attivit\u00e0 sportiva e motoria all&#8217; aperto anche lontano da casa. Rimanendo all&#8217;interno della propria Regione \u00e8 quindi possibile raggiungere con mezzi<\/p>\n","protected":false},"author":182,"featured_media":32701,"comment_status":"closed","ping_status":"closed","sticky":false,"template":"","format":"standard","meta":{"_acf_changed":false,"footnotes":""},"categories":[2221],"tags":[772,771,775,773,776,774],"class_list":["post-32694","post","type-post","status-publish","format-standard","has-post-thumbnail","hentry","category-news","tag-coronavirus","tag-covid-19","tag-fase-2","tag-montagna","tag-nuovo-decreto","tag-trekking"],"acf":[],"yoast_head":"<!-- This site is optimized with the Yoast SEO plugin v25.8 - https:\/\/yoast.com\/wordpress\/plugins\/seo\/ -->\n<title>Coronavirus: la fase 2 in montagna - Marsupio<\/title>\n<meta name=\"robots\" content=\"index, follow, max-snippet:-1, max-image-preview:large, max-video-preview:-1\" \/>\n<link rel=\"canonical\" href=\"https:\/\/www.marsupio.it\/it\/coronavirus-la-fase-2-in-montagna\/\" \/>\n<meta property=\"og:locale\" content=\"it_IT\" \/>\n<meta property=\"og:type\" content=\"article\" \/>\n<meta property=\"og:title\" content=\"Coronavirus: la fase 2 in montagna - Marsupio\" \/>\n<meta property=\"og:description\" content=\"[vc_row][vc_column][vc_row_inner][vc_column_inner][vc_column_text]Dal 4 Maggio 2020, in Veneto, si pu\u00f2 praticare l&#8217;attivit\u00e0 sportiva e motoria all&#8217; aperto anche lontano da casa. Rimanendo all&#8217;interno della propria Regione \u00e8 quindi possibile raggiungere con mezzi\" \/>\n<meta property=\"og:url\" content=\"https:\/\/www.marsupio.it\/it\/coronavirus-la-fase-2-in-montagna\/\" \/>\n<meta property=\"og:site_name\" content=\"Marsupio\" \/>\n<meta property=\"article:published_time\" content=\"2020-05-06T16:58:16+00:00\" \/>\n<meta property=\"article:modified_time\" content=\"2023-03-01T16:16:43+00:00\" \/>\n<meta property=\"og:image\" content=\"https:\/\/www.marsupio.it\/wp-content\/uploads\/2020\/05\/ordinanza-4-maggio-veneto.png\" \/>\n\t<meta property=\"og:image:width\" content=\"1000\" \/>\n\t<meta property=\"og:image:height\" content=\"667\" \/>\n\t<meta property=\"og:image:type\" content=\"image\/png\" \/>\n<meta name=\"author\" content=\"marsupio\" \/>\n<meta name=\"twitter:card\" content=\"summary_large_image\" \/>\n<meta name=\"twitter:label1\" content=\"Scritto da\" \/>\n\t<meta name=\"twitter:data1\" content=\"marsupio\" \/>\n\t<meta name=\"twitter:label2\" content=\"Tempo di lettura stimato\" \/>\n\t<meta name=\"twitter:data2\" content=\"3 minuti\" \/>\n<script type=\"application\/ld+json\" class=\"yoast-schema-graph\">{\"@context\":\"https:\/\/schema.org\",\"@graph\":[{\"@type\":\"Article\",\"@id\":\"https:\/\/www.marsupio.it\/it\/coronavirus-la-fase-2-in-montagna\/#article\",\"isPartOf\":{\"@id\":\"https:\/\/www.marsupio.it\/it\/coronavirus-la-fase-2-in-montagna\/\"},\"author\":{\"name\":\"marsupio\",\"@id\":\"https:\/\/www.marsupio.it\/en\/#\/schema\/person\/596f730a2ffeb013201982a4b2ec5a02\"},\"headline\":\"Coronavirus: la fase 2 in montagna\",\"datePublished\":\"2020-05-06T16:58:16+00:00\",\"dateModified\":\"2023-03-01T16:16:43+00:00\",\"mainEntityOfPage\":{\"@id\":\"https:\/\/www.marsupio.it\/it\/coronavirus-la-fase-2-in-montagna\/\"},\"wordCount\":511,\"publisher\":{\"@id\":\"https:\/\/www.marsupio.it\/en\/#organization\"},\"image\":{\"@id\":\"https:\/\/www.marsupio.it\/it\/coronavirus-la-fase-2-in-montagna\/#primaryimage\"},\"thumbnailUrl\":\"https:\/\/www.marsupio.it\/wp-content\/uploads\/2020\/05\/ordinanza-4-maggio-veneto.png\",\"keywords\":[\"coronavirus\",\"covid 19\",\"fase 2\",\"montagna\",\"nuovo decreto\",\"trekking\"],\"articleSection\":[\"news\"],\"inLanguage\":\"it-IT\"},{\"@type\":\"WebPage\",\"@id\":\"https:\/\/www.marsupio.it\/it\/coronavirus-la-fase-2-in-montagna\/\",\"url\":\"https:\/\/www.marsupio.it\/it\/coronavirus-la-fase-2-in-montagna\/\",\"name\":\"Coronavirus: la fase 2 in montagna - Marsupio\",\"isPartOf\":{\"@id\":\"https:\/\/www.marsupio.it\/en\/#website\"},\"primaryImageOfPage\":{\"@id\":\"https:\/\/www.marsupio.it\/it\/coronavirus-la-fase-2-in-montagna\/#primaryimage\"},\"image\":{\"@id\":\"https:\/\/www.marsupio.it\/it\/coronavirus-la-fase-2-in-montagna\/#primaryimage\"},\"thumbnailUrl\":\"https:\/\/www.marsupio.it\/wp-content\/uploads\/2020\/05\/ordinanza-4-maggio-veneto.png\",\"datePublished\":\"2020-05-06T16:58:16+00:00\",\"dateModified\":\"2023-03-01T16:16:43+00:00\",\"breadcrumb\":{\"@id\":\"https:\/\/www.marsupio.it\/it\/coronavirus-la-fase-2-in-montagna\/#breadcrumb\"},\"inLanguage\":\"it-IT\",\"potentialAction\":[{\"@type\":\"ReadAction\",\"target\":[\"https:\/\/www.marsupio.it\/it\/coronavirus-la-fase-2-in-montagna\/\"]}]},{\"@type\":\"ImageObject\",\"inLanguage\":\"it-IT\",\"@id\":\"https:\/\/www.marsupio.it\/it\/coronavirus-la-fase-2-in-montagna\/#primaryimage\",\"url\":\"https:\/\/www.marsupio.it\/wp-content\/uploads\/2020\/05\/ordinanza-4-maggio-veneto.png\",\"contentUrl\":\"https:\/\/www.marsupio.it\/wp-content\/uploads\/2020\/05\/ordinanza-4-maggio-veneto.png\",\"width\":1000,\"height\":667},{\"@type\":\"BreadcrumbList\",\"@id\":\"https:\/\/www.marsupio.it\/it\/coronavirus-la-fase-2-in-montagna\/#breadcrumb\",\"itemListElement\":[{\"@type\":\"ListItem\",\"position\":1,\"name\":\"Home\",\"item\":\"https:\/\/www.marsupio.it\/it\/\"},{\"@type\":\"ListItem\",\"position\":2,\"name\":\"Coronavirus: la fase 2 in montagna\"}]},{\"@type\":\"WebSite\",\"@id\":\"https:\/\/www.marsupio.it\/en\/#website\",\"url\":\"https:\/\/www.marsupio.it\/en\/\",\"name\":\"Marsupio\",\"description\":\"\",\"publisher\":{\"@id\":\"https:\/\/www.marsupio.it\/en\/#organization\"},\"potentialAction\":[{\"@type\":\"SearchAction\",\"target\":{\"@type\":\"EntryPoint\",\"urlTemplate\":\"https:\/\/www.marsupio.it\/en\/?s={search_term_string}\"},\"query-input\":{\"@type\":\"PropertyValueSpecification\",\"valueRequired\":true,\"valueName\":\"search_term_string\"}}],\"inLanguage\":\"it-IT\"},{\"@type\":\"Organization\",\"@id\":\"https:\/\/www.marsupio.it\/en\/#organization\",\"name\":\"Marsupio\",\"url\":\"https:\/\/www.marsupio.it\/en\/\",\"logo\":{\"@type\":\"ImageObject\",\"inLanguage\":\"it-IT\",\"@id\":\"https:\/\/www.marsupio.it\/en\/#\/schema\/logo\/image\/\",\"url\":\"https:\/\/www.marsupio.it\/wp-content\/uploads\/2022\/09\/Marsupio2-1.png\",\"contentUrl\":\"https:\/\/www.marsupio.it\/wp-content\/uploads\/2022\/09\/Marsupio2-1.png\",\"width\":475,\"height\":294,\"caption\":\"Marsupio\"},\"image\":{\"@id\":\"https:\/\/www.marsupio.it\/en\/#\/schema\/logo\/image\/\"}},{\"@type\":\"Person\",\"@id\":\"https:\/\/www.marsupio.it\/en\/#\/schema\/person\/596f730a2ffeb013201982a4b2ec5a02\",\"name\":\"marsupio\",\"image\":{\"@type\":\"ImageObject\",\"inLanguage\":\"it-IT\",\"@id\":\"https:\/\/www.marsupio.it\/en\/#\/schema\/person\/image\/\",\"url\":\"https:\/\/secure.gravatar.com\/avatar\/f1279f51837495d3029326a11979d60c?s=96&d=mm&r=g\",\"contentUrl\":\"https:\/\/secure.gravatar.com\/avatar\/f1279f51837495d3029326a11979d60c?s=96&d=mm&r=g\",\"caption\":\"marsupio\"},\"url\":\"https:\/\/www.marsupio.it\/it\/author\/marsupio\/\"}]}<\/script>\n<!-- \/ Yoast SEO plugin. -->","yoast_head_json":{"title":"Coronavirus: la fase 2 in montagna - Marsupio","robots":{"index":"index","follow":"follow","max-snippet":"max-snippet:-1","max-image-preview":"max-image-preview:large","max-video-preview":"max-video-preview:-1"},"canonical":"https:\/\/www.marsupio.it\/it\/coronavirus-la-fase-2-in-montagna\/","og_locale":"it_IT","og_type":"article","og_title":"Coronavirus: la fase 2 in montagna - Marsupio","og_description":"[vc_row][vc_column][vc_row_inner][vc_column_inner][vc_column_text]Dal 4 Maggio 2020, in Veneto, si pu\u00f2 praticare l&#8217;attivit\u00e0 sportiva e motoria all&#8217; aperto anche lontano da casa. Rimanendo all&#8217;interno della propria Regione \u00e8 quindi possibile raggiungere con mezzi","og_url":"https:\/\/www.marsupio.it\/it\/coronavirus-la-fase-2-in-montagna\/","og_site_name":"Marsupio","article_published_time":"2020-05-06T16:58:16+00:00","article_modified_time":"2023-03-01T16:16:43+00:00","og_image":[{"width":1000,"height":667,"url":"https:\/\/www.marsupio.it\/wp-content\/uploads\/2020\/05\/ordinanza-4-maggio-veneto.png","type":"image\/png"}],"author":"marsupio","twitter_card":"summary_large_image","twitter_misc":{"Scritto da":"marsupio","Tempo di lettura stimato":"3 minuti"},"schema":{"@context":"https:\/\/schema.org","@graph":[{"@type":"Article","@id":"https:\/\/www.marsupio.it\/it\/coronavirus-la-fase-2-in-montagna\/#article","isPartOf":{"@id":"https:\/\/www.marsupio.it\/it\/coronavirus-la-fase-2-in-montagna\/"},"author":{"name":"marsupio","@id":"https:\/\/www.marsupio.it\/en\/#\/schema\/person\/596f730a2ffeb013201982a4b2ec5a02"},"headline":"Coronavirus: la fase 2 in montagna","datePublished":"2020-05-06T16:58:16+00:00","dateModified":"2023-03-01T16:16:43+00:00","mainEntityOfPage":{"@id":"https:\/\/www.marsupio.it\/it\/coronavirus-la-fase-2-in-montagna\/"},"wordCount":511,"publisher":{"@id":"https:\/\/www.marsupio.it\/en\/#organization"},"image":{"@id":"https:\/\/www.marsupio.it\/it\/coronavirus-la-fase-2-in-montagna\/#primaryimage"},"thumbnailUrl":"https:\/\/www.marsupio.it\/wp-content\/uploads\/2020\/05\/ordinanza-4-maggio-veneto.png","keywords":["coronavirus","covid 19","fase 2","montagna","nuovo decreto","trekking"],"articleSection":["news"],"inLanguage":"it-IT"},{"@type":"WebPage","@id":"https:\/\/www.marsupio.it\/it\/coronavirus-la-fase-2-in-montagna\/","url":"https:\/\/www.marsupio.it\/it\/coronavirus-la-fase-2-in-montagna\/","name":"Coronavirus: la fase 2 in montagna - Marsupio","isPartOf":{"@id":"https:\/\/www.marsupio.it\/en\/#website"},"primaryImageOfPage":{"@id":"https:\/\/www.marsupio.it\/it\/coronavirus-la-fase-2-in-montagna\/#primaryimage"},"image":{"@id":"https:\/\/www.marsupio.it\/it\/coronavirus-la-fase-2-in-montagna\/#primaryimage"},"thumbnailUrl":"https:\/\/www.marsupio.it\/wp-content\/uploads\/2020\/05\/ordinanza-4-maggio-veneto.png","datePublished":"2020-05-06T16:58:16+00:00","dateModified":"2023-03-01T16:16:43+00:00","breadcrumb":{"@id":"https:\/\/www.marsupio.it\/it\/coronavirus-la-fase-2-in-montagna\/#breadcrumb"},"inLanguage":"it-IT","potentialAction":[{"@type":"ReadAction","target":["https:\/\/www.marsupio.it\/it\/coronavirus-la-fase-2-in-montagna\/"]}]},{"@type":"ImageObject","inLanguage":"it-IT","@id":"https:\/\/www.marsupio.it\/it\/coronavirus-la-fase-2-in-montagna\/#primaryimage","url":"https:\/\/www.marsupio.it\/wp-content\/uploads\/2020\/05\/ordinanza-4-maggio-veneto.png","contentUrl":"https:\/\/www.marsupio.it\/wp-content\/uploads\/2020\/05\/ordinanza-4-maggio-veneto.png","width":1000,"height":667},{"@type":"BreadcrumbList","@id":"https:\/\/www.marsupio.it\/it\/coronavirus-la-fase-2-in-montagna\/#breadcrumb","itemListElement":[{"@type":"ListItem","position":1,"name":"Home","item":"https:\/\/www.marsupio.it\/it\/"},{"@type":"ListItem","position":2,"name":"Coronavirus: la fase 2 in montagna"}]},{"@type":"WebSite","@id":"https:\/\/www.marsupio.it\/en\/#website","url":"https:\/\/www.marsupio.it\/en\/","name":"Marsupio","description":"","publisher":{"@id":"https:\/\/www.marsupio.it\/en\/#organization"},"potentialAction":[{"@type":"SearchAction","target":{"@type":"EntryPoint","urlTemplate":"https:\/\/www.marsupio.it\/en\/?s={search_term_string}"},"query-input":{"@type":"PropertyValueSpecification","valueRequired":true,"valueName":"search_term_string"}}],"inLanguage":"it-IT"},{"@type":"Organization","@id":"https:\/\/www.marsupio.it\/en\/#organization","name":"Marsupio","url":"https:\/\/www.marsupio.it\/en\/","logo":{"@type":"ImageObject","inLanguage":"it-IT","@id":"https:\/\/www.marsupio.it\/en\/#\/schema\/logo\/image\/","url":"https:\/\/www.marsupio.it\/wp-content\/uploads\/2022\/09\/Marsupio2-1.png","contentUrl":"https:\/\/www.marsupio.it\/wp-content\/uploads\/2022\/09\/Marsupio2-1.png","width":475,"height":294,"caption":"Marsupio"},"image":{"@id":"https:\/\/www.marsupio.it\/en\/#\/schema\/logo\/image\/"}},{"@type":"Person","@id":"https:\/\/www.marsupio.it\/en\/#\/schema\/person\/596f730a2ffeb013201982a4b2ec5a02","name":"marsupio","image":{"@type":"ImageObject","inLanguage":"it-IT","@id":"https:\/\/www.marsupio.it\/en\/#\/schema\/person\/image\/","url":"https:\/\/secure.gravatar.com\/avatar\/f1279f51837495d3029326a11979d60c?s=96&d=mm&r=g","contentUrl":"https:\/\/secure.gravatar.com\/avatar\/f1279f51837495d3029326a11979d60c?s=96&d=mm&r=g","caption":"marsupio"},"url":"https:\/\/www.marsupio.it\/it\/author\/marsupio\/"}]}},"_links":{"self":[{"href":"https:\/\/www.marsupio.it\/it\/wp-json\/wp\/v2\/posts\/32694","targetHints":{"allow":["GET"]}}],"collection":[{"href":"https:\/\/www.marsupio.it\/it\/wp-json\/wp\/v2\/posts"}],"about":[{"href":"https:\/\/www.marsupio.it\/it\/wp-json\/wp\/v2\/types\/post"}],"author":[{"embeddable":true,"href":"https:\/\/www.marsupio.it\/it\/wp-json\/wp\/v2\/users\/182"}],"replies":[{"embeddable":true,"href":"https:\/\/www.marsupio.it\/it\/wp-json\/wp\/v2\/comments?post=32694"}],"version-history":[{"count":9,"href":"https:\/\/www.marsupio.it\/it\/wp-json\/wp\/v2\/posts\/32694\/revisions"}],"predecessor-version":[{"id":32716,"href":"https:\/\/www.marsupio.it\/it\/wp-json\/wp\/v2\/posts\/32694\/revisions\/32716"}],"wp:featuredmedia":[{"embeddable":true,"href":"https:\/\/www.marsupio.it\/it\/wp-json\/wp\/v2\/media\/32701"}],"wp:attachment":[{"href":"https:\/\/www.marsupio.it\/it\/wp-json\/wp\/v2\/media?parent=32694"}],"wp:term":[{"taxonomy":"category","embeddable":true,"href":"https:\/\/www.marsupio.it\/it\/wp-json\/wp\/v2\/categories?post=32694"},{"taxonomy":"post_tag","embeddable":true,"href":"https:\/\/www.marsupio.it\/it\/wp-json\/wp\/v2\/tags?post=32694"}],"curies":[{"name":"wp","href":"https:\/\/api.w.org\/{rel}","templated":true}]}}